{"id":85,"date":"2025-09-05T11:54:19","date_gmt":"2025-09-05T09:54:19","guid":{"rendered":"https:\/\/pmmns.palacmlodziezy.pl\/?p=85"},"modified":"2025-09-07T11:56:12","modified_gmt":"2025-09-07T09:56:12","slug":"zglos-sie-do-konkursu-moje-rymowanki","status":"publish","type":"post","link":"https:\/\/pmmns.palacmlodziezy.pl\/?p=85","title":{"rendered":"Zg\u0142o\u015b si\u0119 do\u00a0konkursu \u201eMoje rymowanki\u201d"},"content":{"rendered":"\n<p class=\"wp-block-paragraph\"><strong>Pa\u0142ac M\u0142odzie\u017cy w&nbsp;Nowym S\u0105czu oraz&nbsp;Stowarzyszenie \u201eFabryka Marze\u0144\u201d serdecznie zapraszaj\u0105 dzieci w&nbsp;wieku przedszkolnym i&nbsp;uczni\u00f3w szk\u00f3\u0142 podstawowych do&nbsp;udzia\u0142u w&nbsp;konkursie \u201eMoje rymowanki\u201d. Zadanie jakie stoi przed&nbsp;uczestnikami to&nbsp;u\u0142o\u017cenie kilku rymowanek o&nbsp;dowolnej tematyce i&nbsp;przedstawienie ich w&nbsp;postaci rysunkowej. Na&nbsp;prace czekamy do&nbsp;15 pa\u017adziernika.<\/strong><\/p>\n\n\n\n<p class=\"wp-block-paragraph\">W&nbsp;Pa\u0142acu M\u0142odzie\u017cy prowadzone s\u0105&nbsp;od&nbsp;wielu lat zaj\u0119cia recytatorskie i&nbsp;teatralne, na&nbsp;kt\u00f3rych&nbsp;nauczyciele cz\u0119sto si\u0119gaj\u0105 po&nbsp;rymowanki, s\u0142usznie widz\u0105c w&nbsp;nich wa\u017cny element trenowania pami\u0119ci i&nbsp;\u0107wiczenia dykcji. S\u0105&nbsp;nie&nbsp;tylko&nbsp;skutecznym narz\u0119dziem w&nbsp;procesie zapami\u0119tywania i&nbsp;przyswajania wiedzy, ale&nbsp;maj\u0105 t\u0105&nbsp;magiczn\u0105 moc \u2013 s\u0105&nbsp;zabawne i&nbsp;inspiruj\u0105ce,&nbsp; lubiane w&nbsp;r\u00f3wnym stopniu przez&nbsp;dzieci jak i&nbsp;doros\u0142ych.<\/p>\n\n\n\n<p class=\"wp-block-paragraph\">Przy pisaniu tekstu rymowanek, najm\u0142odsi uczestnicy konkursu w&nbsp;wieku przedszkolnym mog\u0105 korzysta\u0107 z&nbsp;pomocy doros\u0142ych, natomiast ilustracje do&nbsp;tekst\u00f3w powinny by\u0107 wykonane samodzielnie przez&nbsp;uczestnik\u00f3w.<\/p>\n\n\n\n<p class=\"wp-block-paragraph\">Prace nale\u017cy dostarczy\u0107 osobi\u015bcie lub przes\u0142a\u0107 na&nbsp;adres: Pa\u0142ac M\u0142odzie\u017cy, Rynek 14, 33-300 Nowy S\u0105cz do&nbsp;dnia&nbsp;<strong>15 pa\u017adziernika 2025.<\/strong><\/p>\n\n\n\n<p class=\"wp-block-paragraph\">Fina\u0142 konkursu odb\u0119dzie si\u0119 22 pa\u017adziernika o&nbsp;godz.&nbsp;12.00 w&nbsp;sali widowiskowej Pa\u0142acu M\u0142odzie\u017cy.<\/p>\n\n\n\n<p class=\"wp-block-paragraph\">Serdecznie zapraszamy do&nbsp;udzia\u0142u w&nbsp;konkursie wszystkie dzieci zainteresowane tematem \u201crymowanek-wyliczanek\u201d okraszonych rysunkami!<\/p>\n\n\n\n<p class=\"wp-block-paragraph\">Wszelkich informacji udziela koordynator: mgr&nbsp;Anna \u0141ukasik<br>adres mailowy:&nbsp;<a href=\"mailto:a.lukasik@palacmlodziezy.pl\">a.lukasik@palacmlodziezy.pl<\/a>&nbsp;&nbsp;<\/p>\n\n\n\n<p class=\"wp-block-paragraph\"><a href=\"https:\/\/palacmlodziezy.pl\/wp-content\/uploads\/2025\/09\/RYMOWANKI-REGULAMIN-25.pdf\">REGULAMIN KONKURSU<br><\/a><a href=\"https:\/\/palacmlodziezy.pl\/wp-content\/uploads\/2025\/09\/KARTA-Moje-Rymowanki-2025.pdf\">KARTA ZG\u0141OSZENIA<\/a><\/p>\n\n\n\n<p class=\"wp-block-paragraph\"><\/p>\n","protected":false},"excerpt":{"rendered":"<p>Pa\u0142ac M\u0142odzie\u017cy w&nbsp;Nowym S\u0105czu oraz&nbsp;Stowarzyszenie \u201eFabryka Marze\u0144\u201d serdecznie zapraszaj\u0105 dzieci w&nbsp;wieku przedszkolnym i&nbsp;uczni\u00f3w szk\u00f3\u0142 podstawowych do&nbsp;udzia\u0142u w&nbsp;konkursie \u201eMoje rymowanki\u201d. Zadanie jakie stoi przed&nbsp;uczestnikami to&nbsp;u\u0142o\u017cenie kilku rymowanek o&nbsp;dowolnej tematyce i&nbsp;przedstawienie ich w&nbsp;postaci rysunkowej. Na&nbsp;prace czekamy do&nbsp;15 pa\u017adziernika. W&nbsp;Pa\u0142acu M\u0142odzie\u017cy prowadzone s\u0105&nbsp;od&nbsp;wielu lat zaj\u0119cia recytatorskie i&nbsp;teatralne, na&nbsp;kt\u00f3rych&nbsp;nauczyciele cz\u0119sto si\u0119gaj\u0105 po&nbsp;rymowanki, s\u0142usznie widz\u0105c w&nbsp;nich wa\u017cny element trenowania pami\u0119ci [&hellip;]<\/p>\n","protected":false},"author":1,"featured_media":87,"comment_status":"open","ping_status":"open","sticky":false,"template":"","format":"standard","meta":{"footnotes":""},"categories":[1],"tags":[],"class_list":["post-85","post","type-post","status-publish","format-standard","has-post-thumbnail","hentry","category-bez-kategorii"],"yoast_head":"<!-- This site is optimized with the Yoast SEO plugin v28.0 - https:\/\/yoast.com\/product\/yoast-seo-wordpress\/ -->\n<title>Zg\u0142o\u015b si\u0119 do\u00a0konkursu \u201eMoje rymowanki\u201d - Pa\u0142ac M\u0142odzie\u017cy<\/title>\n<meta name=\"robots\" content=\"index, follow, max-snippet:-1, max-image-preview:large, max-video-preview:-1\" \/>\n<link rel=\"canonical\" href=\"https:\/\/pmmns.palacmlodziezy.pl\/?p=85\" \/>\n<meta property=\"og:locale\" content=\"pl_PL\" \/>\n<meta property=\"og:type\" content=\"article\" \/>\n<meta property=\"og:title\" content=\"Zg\u0142o\u015b si\u0119 do\u00a0konkursu \u201eMoje rymowanki\u201d - Pa\u0142ac M\u0142odzie\u017cy\" \/>\n<meta property=\"og:description\" content=\"Pa\u0142ac M\u0142odzie\u017cy w&nbsp;Nowym S\u0105czu oraz&nbsp;Stowarzyszenie \u201eFabryka Marze\u0144\u201d serdecznie zapraszaj\u0105 dzieci w&nbsp;wieku przedszkolnym i&nbsp;uczni\u00f3w szk\u00f3\u0142 podstawowych do&nbsp;udzia\u0142u w&nbsp;konkursie \u201eMoje rymowanki\u201d. Zadanie jakie stoi przed&nbsp;uczestnikami to&nbsp;u\u0142o\u017cenie kilku rymowanek o&nbsp;dowolnej tematyce i&nbsp;przedstawienie ich w&nbsp;postaci rysunkowej. Na&nbsp;prace czekamy do&nbsp;15 pa\u017adziernika. W&nbsp;Pa\u0142acu M\u0142odzie\u017cy prowadzone s\u0105&nbsp;od&nbsp;wielu lat zaj\u0119cia recytatorskie i&nbsp;teatralne, na&nbsp;kt\u00f3rych&nbsp;nauczyciele cz\u0119sto si\u0119gaj\u0105 po&nbsp;rymowanki, s\u0142usznie widz\u0105c w&nbsp;nich wa\u017cny element trenowania pami\u0119ci [&hellip;]\" \/>\n<meta property=\"og:url\" content=\"https:\/\/pmmns.palacmlodziezy.pl\/?p=85\" \/>\n<meta property=\"og:site_name\" content=\"Pa\u0142ac M\u0142odzie\u017cy\" \/>\n<meta property=\"article:published_time\" content=\"2025-09-05T09:54:19+00:00\" \/>\n<meta property=\"article:modified_time\" content=\"2025-09-07T09:56:12+00:00\" \/>\n<meta property=\"og:image\" content=\"https:\/\/pmmns.palacmlodziezy.pl\/wp-content\/uploads\/2025\/09\/pmns.jpg\" \/>\n\t<meta property=\"og:image:width\" content=\"752\" \/>\n\t<meta property=\"og:image:height\" content=\"440\" \/>\n\t<meta property=\"og:image:type\" content=\"image\/jpeg\" \/>\n<meta name=\"author\" content=\"Pa\u0142ac M\u0142odzie\u017cy\" \/>\n<meta name=\"twitter:card\" content=\"summary_large_image\" \/>\n<meta name=\"twitter:label1\" content=\"Napisane przez\" \/>\n\t<meta name=\"twitter:data1\" content=\"Pa\u0142ac M\u0142odzie\u017cy\" \/>\n\t<meta name=\"twitter:label2\" content=\"Szacowany czas czytania\" \/>\n\t<meta name=\"twitter:data2\" content=\"1 minuta\" \/>\n<script type=\"application\/ld+json\" class=\"yoast-schema-graph\">{\"@context\":\"https:\\\/\\\/schema.org\",\"@graph\":[{\"@type\":\"Article\",\"@id\":\"https:\\\/\\\/pmmns.palacmlodziezy.pl\\\/?p=85#article\",\"isPartOf\":{\"@id\":\"https:\\\/\\\/pmmns.palacmlodziezy.pl\\\/?p=85\"},\"author\":{\"name\":\"Pa\u0142ac M\u0142odzie\u017cy\",\"@id\":\"https:\\\/\\\/pmmns.palacmlodziezy.pl\\\/#\\\/schema\\\/person\\\/dc1e4c65c00c767cb7fb576919826c04\"},\"headline\":\"Zg\u0142o\u015b si\u0119 do\u00a0konkursu \u201eMoje rymowanki\u201d\",\"datePublished\":\"2025-09-05T09:54:19+00:00\",\"dateModified\":\"2025-09-07T09:56:12+00:00\",\"mainEntityOfPage\":{\"@id\":\"https:\\\/\\\/pmmns.palacmlodziezy.pl\\\/?p=85\"},\"wordCount\":292,\"commentCount\":0,\"publisher\":{\"@id\":\"https:\\\/\\\/pmmns.palacmlodziezy.pl\\\/#organization\"},\"image\":{\"@id\":\"https:\\\/\\\/pmmns.palacmlodziezy.pl\\\/?p=85#primaryimage\"},\"thumbnailUrl\":\"https:\\\/\\\/pmmns.palacmlodziezy.pl\\\/wp-content\\\/uploads\\\/2025\\\/09\\\/pmns.jpg\",\"inLanguage\":\"pl-PL\",\"potentialAction\":[{\"@type\":\"CommentAction\",\"name\":\"Comment\",\"target\":[\"https:\\\/\\\/pmmns.palacmlodziezy.pl\\\/?p=85#respond\"]}]},{\"@type\":\"WebPage\",\"@id\":\"https:\\\/\\\/pmmns.palacmlodziezy.pl\\\/?p=85\",\"url\":\"https:\\\/\\\/pmmns.palacmlodziezy.pl\\\/?p=85\",\"name\":\"Zg\u0142o\u015b si\u0119 do\u00a0konkursu \u201eMoje rymowanki\u201d - Pa\u0142ac M\u0142odzie\u017cy\",\"isPartOf\":{\"@id\":\"https:\\\/\\\/pmmns.palacmlodziezy.pl\\\/#website\"},\"primaryImageOfPage\":{\"@id\":\"https:\\\/\\\/pmmns.palacmlodziezy.pl\\\/?p=85#primaryimage\"},\"image\":{\"@id\":\"https:\\\/\\\/pmmns.palacmlodziezy.pl\\\/?p=85#primaryimage\"},\"thumbnailUrl\":\"https:\\\/\\\/pmmns.palacmlodziezy.pl\\\/wp-content\\\/uploads\\\/2025\\\/09\\\/pmns.jpg\",\"datePublished\":\"2025-09-05T09:54:19+00:00\",\"dateModified\":\"2025-09-07T09:56:12+00:00\",\"breadcrumb\":{\"@id\":\"https:\\\/\\\/pmmns.palacmlodziezy.pl\\\/?p=85#breadcrumb\"},\"inLanguage\":\"pl-PL\",\"potentialAction\":[{\"@type\":\"ReadAction\",\"target\":[\"https:\\\/\\\/pmmns.palacmlodziezy.pl\\\/?p=85\"]}]},{\"@type\":\"ImageObject\",\"inLanguage\":\"pl-PL\",\"@id\":\"https:\\\/\\\/pmmns.palacmlodziezy.pl\\\/?p=85#primaryimage\",\"url\":\"https:\\\/\\\/pmmns.palacmlodziezy.pl\\\/wp-content\\\/uploads\\\/2025\\\/09\\\/pmns.jpg\",\"contentUrl\":\"https:\\\/\\\/pmmns.palacmlodziezy.pl\\\/wp-content\\\/uploads\\\/2025\\\/09\\\/pmns.jpg\",\"width\":752,\"height\":440,\"caption\":\"St\u00f3\u0142 z licznymi prezentami: pi\u00f3rnikami, zestawami kredek oraz r\u0119cznie robionymi laurkami i ksi\u0105\u017ceczkami\"},{\"@type\":\"BreadcrumbList\",\"@id\":\"https:\\\/\\\/pmmns.palacmlodziezy.pl\\\/?p=85#breadcrumb\",\"itemListElement\":[{\"@type\":\"ListItem\",\"position\":1,\"name\":\"Strona g\u0142\u00f3wna\",\"item\":\"https:\\\/\\\/pmmns.palacmlodziezy.pl\\\/\"},{\"@type\":\"ListItem\",\"position\":2,\"name\":\"Zg\u0142o\u015b si\u0119 do\u00a0konkursu \u201eMoje rymowanki\u201d\"}]},{\"@type\":\"WebSite\",\"@id\":\"https:\\\/\\\/pmmns.palacmlodziezy.pl\\\/#website\",\"url\":\"https:\\\/\\\/pmmns.palacmlodziezy.pl\\\/\",\"name\":\"Pa\u0142ac M\u0142odzie\u017cy\",\"description\":\"Bo tu warto wraca\u0107...\",\"publisher\":{\"@id\":\"https:\\\/\\\/pmmns.palacmlodziezy.pl\\\/#organization\"},\"potentialAction\":[{\"@type\":\"SearchAction\",\"target\":{\"@type\":\"EntryPoint\",\"urlTemplate\":\"https:\\\/\\\/pmmns.palacmlodziezy.pl\\\/?s={search_term_string}\"},\"query-input\":{\"@type\":\"PropertyValueSpecification\",\"valueRequired\":true,\"valueName\":\"search_term_string\"}}],\"inLanguage\":\"pl-PL\"},{\"@type\":\"Organization\",\"@id\":\"https:\\\/\\\/pmmns.palacmlodziezy.pl\\\/#organization\",\"name\":\"Pa\u0142ac M\u0142odzie\u017cy\",\"url\":\"https:\\\/\\\/pmmns.palacmlodziezy.pl\\\/\",\"logo\":{\"@type\":\"ImageObject\",\"inLanguage\":\"pl-PL\",\"@id\":\"https:\\\/\\\/pmmns.palacmlodziezy.pl\\\/#\\\/schema\\\/logo\\\/image\\\/\",\"url\":\"https:\\\/\\\/pmmns.palacmlodziezy.pl\\\/wp-content\\\/uploads\\\/2025\\\/09\\\/cropped-Tekst-akapitu.png\",\"contentUrl\":\"https:\\\/\\\/pmmns.palacmlodziezy.pl\\\/wp-content\\\/uploads\\\/2025\\\/09\\\/cropped-Tekst-akapitu.png\",\"width\":500,\"height\":500,\"caption\":\"Pa\u0142ac M\u0142odzie\u017cy\"},\"image\":{\"@id\":\"https:\\\/\\\/pmmns.palacmlodziezy.pl\\\/#\\\/schema\\\/logo\\\/image\\\/\"}},{\"@type\":\"Person\",\"@id\":\"https:\\\/\\\/pmmns.palacmlodziezy.pl\\\/#\\\/schema\\\/person\\\/dc1e4c65c00c767cb7fb576919826c04\",\"name\":\"Pa\u0142ac M\u0142odzie\u017cy\",\"image\":{\"@type\":\"ImageObject\",\"inLanguage\":\"pl-PL\",\"@id\":\"https:\\\/\\\/secure.gravatar.com\\\/avatar\\\/de1e3d0066c64549dca6b33379bdae9a11b41109080a416fc0949306a70ae7a3?s=96&d=mm&r=g\",\"url\":\"https:\\\/\\\/secure.gravatar.com\\\/avatar\\\/de1e3d0066c64549dca6b33379bdae9a11b41109080a416fc0949306a70ae7a3?s=96&d=mm&r=g\",\"contentUrl\":\"https:\\\/\\\/secure.gravatar.com\\\/avatar\\\/de1e3d0066c64549dca6b33379bdae9a11b41109080a416fc0949306a70ae7a3?s=96&d=mm&r=g\",\"caption\":\"Pa\u0142ac M\u0142odzie\u017cy\"},\"sameAs\":[\"https:\\\/\\\/pmmns.palacmlodziezy.pl\"],\"url\":\"https:\\\/\\\/pmmns.palacmlodziezy.pl\\\/?author=1\"}]}<\/script>\n<!-- \/ Yoast SEO plugin. -->","yoast_head_json":{"title":"Zg\u0142o\u015b si\u0119 do\u00a0konkursu \u201eMoje rymowanki\u201d - Pa\u0142ac M\u0142odzie\u017cy","robots":{"index":"index","follow":"follow","max-snippet":"max-snippet:-1","max-image-preview":"max-image-preview:large","max-video-preview":"max-video-preview:-1"},"canonical":"https:\/\/pmmns.palacmlodziezy.pl\/?p=85","og_locale":"pl_PL","og_type":"article","og_title":"Zg\u0142o\u015b si\u0119 do\u00a0konkursu \u201eMoje rymowanki\u201d - Pa\u0142ac M\u0142odzie\u017cy","og_description":"Pa\u0142ac M\u0142odzie\u017cy w&nbsp;Nowym S\u0105czu oraz&nbsp;Stowarzyszenie \u201eFabryka Marze\u0144\u201d serdecznie zapraszaj\u0105 dzieci w&nbsp;wieku przedszkolnym i&nbsp;uczni\u00f3w szk\u00f3\u0142 podstawowych do&nbsp;udzia\u0142u w&nbsp;konkursie \u201eMoje rymowanki\u201d. Zadanie jakie stoi przed&nbsp;uczestnikami to&nbsp;u\u0142o\u017cenie kilku rymowanek o&nbsp;dowolnej tematyce i&nbsp;przedstawienie ich w&nbsp;postaci rysunkowej. Na&nbsp;prace czekamy do&nbsp;15 pa\u017adziernika. W&nbsp;Pa\u0142acu M\u0142odzie\u017cy prowadzone s\u0105&nbsp;od&nbsp;wielu lat zaj\u0119cia recytatorskie i&nbsp;teatralne, na&nbsp;kt\u00f3rych&nbsp;nauczyciele cz\u0119sto si\u0119gaj\u0105 po&nbsp;rymowanki, s\u0142usznie widz\u0105c w&nbsp;nich wa\u017cny element trenowania pami\u0119ci [&hellip;]","og_url":"https:\/\/pmmns.palacmlodziezy.pl\/?p=85","og_site_name":"Pa\u0142ac M\u0142odzie\u017cy","article_published_time":"2025-09-05T09:54:19+00:00","article_modified_time":"2025-09-07T09:56:12+00:00","og_image":[{"width":752,"height":440,"url":"https:\/\/pmmns.palacmlodziezy.pl\/wp-content\/uploads\/2025\/09\/pmns.jpg","type":"image\/jpeg"}],"author":"Pa\u0142ac M\u0142odzie\u017cy","twitter_card":"summary_large_image","twitter_misc":{"Napisane przez":"Pa\u0142ac M\u0142odzie\u017cy","Szacowany czas czytania":"1 minuta"},"schema":{"@context":"https:\/\/schema.org","@graph":[{"@type":"Article","@id":"https:\/\/pmmns.palacmlodziezy.pl\/?p=85#article","isPartOf":{"@id":"https:\/\/pmmns.palacmlodziezy.pl\/?p=85"},"author":{"name":"Pa\u0142ac M\u0142odzie\u017cy","@id":"https:\/\/pmmns.palacmlodziezy.pl\/#\/schema\/person\/dc1e4c65c00c767cb7fb576919826c04"},"headline":"Zg\u0142o\u015b si\u0119 do\u00a0konkursu \u201eMoje rymowanki\u201d","datePublished":"2025-09-05T09:54:19+00:00","dateModified":"2025-09-07T09:56:12+00:00","mainEntityOfPage":{"@id":"https:\/\/pmmns.palacmlodziezy.pl\/?p=85"},"wordCount":292,"commentCount":0,"publisher":{"@id":"https:\/\/pmmns.palacmlodziezy.pl\/#organization"},"image":{"@id":"https:\/\/pmmns.palacmlodziezy.pl\/?p=85#primaryimage"},"thumbnailUrl":"https:\/\/pmmns.palacmlodziezy.pl\/wp-content\/uploads\/2025\/09\/pmns.jpg","inLanguage":"pl-PL","potentialAction":[{"@type":"CommentAction","name":"Comment","target":["https:\/\/pmmns.palacmlodziezy.pl\/?p=85#respond"]}]},{"@type":"WebPage","@id":"https:\/\/pmmns.palacmlodziezy.pl\/?p=85","url":"https:\/\/pmmns.palacmlodziezy.pl\/?p=85","name":"Zg\u0142o\u015b si\u0119 do\u00a0konkursu \u201eMoje rymowanki\u201d - Pa\u0142ac M\u0142odzie\u017cy","isPartOf":{"@id":"https:\/\/pmmns.palacmlodziezy.pl\/#website"},"primaryImageOfPage":{"@id":"https:\/\/pmmns.palacmlodziezy.pl\/?p=85#primaryimage"},"image":{"@id":"https:\/\/pmmns.palacmlodziezy.pl\/?p=85#primaryimage"},"thumbnailUrl":"https:\/\/pmmns.palacmlodziezy.pl\/wp-content\/uploads\/2025\/09\/pmns.jpg","datePublished":"2025-09-05T09:54:19+00:00","dateModified":"2025-09-07T09:56:12+00:00","breadcrumb":{"@id":"https:\/\/pmmns.palacmlodziezy.pl\/?p=85#breadcrumb"},"inLanguage":"pl-PL","potentialAction":[{"@type":"ReadAction","target":["https:\/\/pmmns.palacmlodziezy.pl\/?p=85"]}]},{"@type":"ImageObject","inLanguage":"pl-PL","@id":"https:\/\/pmmns.palacmlodziezy.pl\/?p=85#primaryimage","url":"https:\/\/pmmns.palacmlodziezy.pl\/wp-content\/uploads\/2025\/09\/pmns.jpg","contentUrl":"https:\/\/pmmns.palacmlodziezy.pl\/wp-content\/uploads\/2025\/09\/pmns.jpg","width":752,"height":440,"caption":"St\u00f3\u0142 z licznymi prezentami: pi\u00f3rnikami, zestawami kredek oraz r\u0119cznie robionymi laurkami i ksi\u0105\u017ceczkami"},{"@type":"BreadcrumbList","@id":"https:\/\/pmmns.palacmlodziezy.pl\/?p=85#breadcrumb","itemListElement":[{"@type":"ListItem","position":1,"name":"Strona g\u0142\u00f3wna","item":"https:\/\/pmmns.palacmlodziezy.pl\/"},{"@type":"ListItem","position":2,"name":"Zg\u0142o\u015b si\u0119 do\u00a0konkursu \u201eMoje rymowanki\u201d"}]},{"@type":"WebSite","@id":"https:\/\/pmmns.palacmlodziezy.pl\/#website","url":"https:\/\/pmmns.palacmlodziezy.pl\/","name":"Pa\u0142ac M\u0142odzie\u017cy","description":"Bo tu warto wraca\u0107...","publisher":{"@id":"https:\/\/pmmns.palacmlodziezy.pl\/#organization"},"potentialAction":[{"@type":"SearchAction","target":{"@type":"EntryPoint","urlTemplate":"https:\/\/pmmns.palacmlodziezy.pl\/?s={search_term_string}"},"query-input":{"@type":"PropertyValueSpecification","valueRequired":true,"valueName":"search_term_string"}}],"inLanguage":"pl-PL"},{"@type":"Organization","@id":"https:\/\/pmmns.palacmlodziezy.pl\/#organization","name":"Pa\u0142ac M\u0142odzie\u017cy","url":"https:\/\/pmmns.palacmlodziezy.pl\/","logo":{"@type":"ImageObject","inLanguage":"pl-PL","@id":"https:\/\/pmmns.palacmlodziezy.pl\/#\/schema\/logo\/image\/","url":"https:\/\/pmmns.palacmlodziezy.pl\/wp-content\/uploads\/2025\/09\/cropped-Tekst-akapitu.png","contentUrl":"https:\/\/pmmns.palacmlodziezy.pl\/wp-content\/uploads\/2025\/09\/cropped-Tekst-akapitu.png","width":500,"height":500,"caption":"Pa\u0142ac M\u0142odzie\u017cy"},"image":{"@id":"https:\/\/pmmns.palacmlodziezy.pl\/#\/schema\/logo\/image\/"}},{"@type":"Person","@id":"https:\/\/pmmns.palacmlodziezy.pl\/#\/schema\/person\/dc1e4c65c00c767cb7fb576919826c04","name":"Pa\u0142ac M\u0142odzie\u017cy","image":{"@type":"ImageObject","inLanguage":"pl-PL","@id":"https:\/\/secure.gravatar.com\/avatar\/de1e3d0066c64549dca6b33379bdae9a11b41109080a416fc0949306a70ae7a3?s=96&d=mm&r=g","url":"https:\/\/secure.gravatar.com\/avatar\/de1e3d0066c64549dca6b33379bdae9a11b41109080a416fc0949306a70ae7a3?s=96&d=mm&r=g","contentUrl":"https:\/\/secure.gravatar.com\/avatar\/de1e3d0066c64549dca6b33379bdae9a11b41109080a416fc0949306a70ae7a3?s=96&d=mm&r=g","caption":"Pa\u0142ac M\u0142odzie\u017cy"},"sameAs":["https:\/\/pmmns.palacmlodziezy.pl"],"url":"https:\/\/pmmns.palacmlodziezy.pl\/?author=1"}]}},"_links":{"self":[{"href":"https:\/\/pmmns.palacmlodziezy.pl\/index.php?rest_route=\/wp\/v2\/posts\/85","targetHints":{"allow":["GET"]}}],"collection":[{"href":"https:\/\/pmmns.palacmlodziezy.pl\/index.php?rest_route=\/wp\/v2\/posts"}],"about":[{"href":"https:\/\/pmmns.palacmlodziezy.pl\/index.php?rest_route=\/wp\/v2\/types\/post"}],"author":[{"embeddable":true,"href":"https:\/\/pmmns.palacmlodziezy.pl\/index.php?rest_route=\/wp\/v2\/users\/1"}],"replies":[{"embeddable":true,"href":"https:\/\/pmmns.palacmlodziezy.pl\/index.php?rest_route=%2Fwp%2Fv2%2Fcomments&post=85"}],"version-history":[{"count":2,"href":"https:\/\/pmmns.palacmlodziezy.pl\/index.php?rest_route=\/wp\/v2\/posts\/85\/revisions"}],"predecessor-version":[{"id":88,"href":"https:\/\/pmmns.palacmlodziezy.pl\/index.php?rest_route=\/wp\/v2\/posts\/85\/revisions\/88"}],"wp:featuredmedia":[{"embeddable":true,"href":"https:\/\/pmmns.palacmlodziezy.pl\/index.php?rest_route=\/wp\/v2\/media\/87"}],"wp:attachment":[{"href":"https:\/\/pmmns.palacmlodziezy.pl\/index.php?rest_route=%2Fwp%2Fv2%2Fmedia&parent=85"}],"wp:term":[{"taxonomy":"category","embeddable":true,"href":"https:\/\/pmmns.palacmlodziezy.pl\/index.php?rest_route=%2Fwp%2Fv2%2Fcategories&post=85"},{"taxonomy":"post_tag","embeddable":true,"href":"https:\/\/pmmns.palacmlodziezy.pl\/index.php?rest_route=%2Fwp%2Fv2%2Ftags&post=85"}],"curies":[{"name":"wp","href":"https:\/\/api.w.org\/{rel}","templated":true}]}}