{"id":6,"date":"2025-09-06T17:24:55","date_gmt":"2025-09-06T15:24:55","guid":{"rendered":"https:\/\/pmmns.palacmlodziezy.pl\/?p=6"},"modified":"2025-09-06T17:24:55","modified_gmt":"2025-09-06T15:24:55","slug":"muzyczne-przesluchania-skrzypce-trabka-i-nie-tylko","status":"publish","type":"post","link":"https:\/\/pmmns.palacmlodziezy.pl\/?p=6","title":{"rendered":"Muzyczne przes\u0142uchania: skrzypce, tr\u0105bka i\u00a0nie\u00a0tylko"},"content":{"rendered":"\n<p class=\"wp-block-paragraph\"><strong>Wszystkich ch\u0119tnych, kt\u00f3rzy\u00a0chc\u0105 rozpocz\u0105\u0107 lub kontynuowa\u0107 nauk\u0119 gry na\u00a0instrumentach, m.in.\u00a0skrzypcach i\u00a0tr\u0105bce, zapraszamy na\u00a0przes\u0142uchania, kt\u00f3re odb\u0119d\u0105 si\u0119 8 wrze\u015bnia 2025 roku w\u00a0godzinach 16:00\u201318:00, w\u00a0sali muzycznej (nr\u00a011) na\u00a0I\u00a0pi\u0119trze.\u00a0<br><\/strong><\/p>\n\n\n\n<p class=\"wp-block-paragraph\">Na\u00a0przes\u0142uchania nale\u017cy przygotowa\u0107 i\u00a0za\u015bpiewa\u0107 dowoln\u0105 piosenk\u0119. Sprawdzane b\u0119d\u0105 r\u00f3wnie\u017c og\u00f3lne predyspozycje muzyczne. Osoby ju\u017c graj\u0105ce zach\u0119camy do\u00a0zagrania wybranego utworu.<br><\/p>\n\n\n\n<p class=\"wp-block-paragraph\">Serdecznie zapraszamy!<\/p>\n\n\n\n<figure class=\"wp-block-image size-large\"><img  title=\"\" loading=\"lazy\" decoding=\"async\" width=\"724\" height=\"1024\" src=\"https:\/\/pmmns.palacmlodziezy.pl\/wp-content\/uploads\/2025\/09\/image-724x1024.png\"  alt=\"image-724x1024 Muzyczne przes\u0142uchania: skrzypce, tr\u0105bka i\u00a0nie\u00a0tylko\"  class=\"wp-image-8\" srcset=\"https:\/\/pmmns.palacmlodziezy.pl\/wp-content\/uploads\/2025\/09\/image-724x1024.png 724w, https:\/\/pmmns.palacmlodziezy.pl\/wp-content\/uploads\/2025\/09\/image-212x300.png 212w, https:\/\/pmmns.palacmlodziezy.pl\/wp-content\/uploads\/2025\/09\/image-768x1086.png 768w, https:\/\/pmmns.palacmlodziezy.pl\/wp-content\/uploads\/2025\/09\/image-1086x1536.png 1086w, https:\/\/pmmns.palacmlodziezy.pl\/wp-content\/uploads\/2025\/09\/image.png 1131w\" sizes=\"auto, (max-width: 724px) 100vw, 724px\" \/><\/figure>\n","protected":false},"excerpt":{"rendered":"<p>Wszystkich ch\u0119tnych, kt\u00f3rzy\u00a0chc\u0105 rozpocz\u0105\u0107 lub kontynuowa\u0107 nauk\u0119 gry na\u00a0instrumentach, m.in.\u00a0skrzypcach i\u00a0tr\u0105bce, zapraszamy na\u00a0przes\u0142uchania, kt\u00f3re odb\u0119d\u0105 si\u0119 8 wrze\u015bnia 2025 roku w\u00a0godzinach 16:00\u201318:00, w\u00a0sali muzycznej (nr\u00a011) na\u00a0I\u00a0pi\u0119trze.\u00a0 Na\u00a0przes\u0142uchania nale\u017cy przygotowa\u0107 i\u00a0za\u015bpiewa\u0107 dowoln\u0105 piosenk\u0119. Sprawdzane b\u0119d\u0105 r\u00f3wnie\u017c og\u00f3lne predyspozycje muzyczne. Osoby ju\u017c graj\u0105ce zach\u0119camy do\u00a0zagrania wybranego utworu. Serdecznie zapraszamy!<\/p>\n","protected":false},"author":1,"featured_media":8,"comment_status":"open","ping_status":"open","sticky":false,"template":"","format":"standard","meta":{"footnotes":""},"categories":[1],"tags":[],"class_list":["post-6","post","type-post","status-publish","format-standard","has-post-thumbnail","hentry","category-bez-kategorii"],"yoast_head":"<!-- This site is optimized with the Yoast SEO plugin v28.0 - https:\/\/yoast.com\/product\/yoast-seo-wordpress\/ -->\n<title>Muzyczne przes\u0142uchania: skrzypce, tr\u0105bka i\u00a0nie\u00a0tylko - Pa\u0142ac M\u0142odzie\u017cy<\/title>\n<meta name=\"robots\" content=\"index, follow, max-snippet:-1, max-image-preview:large, max-video-preview:-1\" \/>\n<link rel=\"canonical\" href=\"https:\/\/pmmns.palacmlodziezy.pl\/?p=6\" \/>\n<meta property=\"og:locale\" content=\"pl_PL\" \/>\n<meta property=\"og:type\" content=\"article\" \/>\n<meta property=\"og:title\" content=\"Muzyczne przes\u0142uchania: skrzypce, tr\u0105bka i\u00a0nie\u00a0tylko - Pa\u0142ac M\u0142odzie\u017cy\" \/>\n<meta property=\"og:description\" content=\"Wszystkich ch\u0119tnych, kt\u00f3rzy\u00a0chc\u0105 rozpocz\u0105\u0107 lub kontynuowa\u0107 nauk\u0119 gry na\u00a0instrumentach, m.in.\u00a0skrzypcach i\u00a0tr\u0105bce, zapraszamy na\u00a0przes\u0142uchania, kt\u00f3re odb\u0119d\u0105 si\u0119 8 wrze\u015bnia 2025 roku w\u00a0godzinach 16:00\u201318:00, w\u00a0sali muzycznej (nr\u00a011) na\u00a0I\u00a0pi\u0119trze.\u00a0 Na\u00a0przes\u0142uchania nale\u017cy przygotowa\u0107 i\u00a0za\u015bpiewa\u0107 dowoln\u0105 piosenk\u0119. Sprawdzane b\u0119d\u0105 r\u00f3wnie\u017c og\u00f3lne predyspozycje muzyczne. Osoby ju\u017c graj\u0105ce zach\u0119camy do\u00a0zagrania wybranego utworu. Serdecznie zapraszamy!\" \/>\n<meta property=\"og:url\" content=\"https:\/\/pmmns.palacmlodziezy.pl\/?p=6\" \/>\n<meta property=\"og:site_name\" content=\"Pa\u0142ac M\u0142odzie\u017cy\" \/>\n<meta property=\"article:published_time\" content=\"2025-09-06T15:24:55+00:00\" \/>\n<meta property=\"og:image\" content=\"https:\/\/pmmns.palacmlodziezy.pl\/wp-content\/uploads\/2025\/09\/image.png\" \/>\n\t<meta property=\"og:image:width\" content=\"1131\" \/>\n\t<meta property=\"og:image:height\" content=\"1600\" \/>\n\t<meta property=\"og:image:type\" content=\"image\/png\" \/>\n<meta name=\"author\" content=\"Pa\u0142ac M\u0142odzie\u017cy\" \/>\n<meta name=\"twitter:card\" content=\"summary_large_image\" \/>\n<meta name=\"twitter:label1\" content=\"Napisane przez\" \/>\n\t<meta name=\"twitter:data1\" content=\"Pa\u0142ac M\u0142odzie\u017cy\" \/>\n<script type=\"application\/ld+json\" class=\"yoast-schema-graph\">{\"@context\":\"https:\\\/\\\/schema.org\",\"@graph\":[{\"@type\":\"Article\",\"@id\":\"https:\\\/\\\/pmmns.palacmlodziezy.pl\\\/?p=6#article\",\"isPartOf\":{\"@id\":\"https:\\\/\\\/pmmns.palacmlodziezy.pl\\\/?p=6\"},\"author\":{\"name\":\"Pa\u0142ac M\u0142odzie\u017cy\",\"@id\":\"https:\\\/\\\/pmmns.palacmlodziezy.pl\\\/#\\\/schema\\\/person\\\/dc1e4c65c00c767cb7fb576919826c04\"},\"headline\":\"Muzyczne przes\u0142uchania: skrzypce, tr\u0105bka i\u00a0nie\u00a0tylko\",\"datePublished\":\"2025-09-06T15:24:55+00:00\",\"mainEntityOfPage\":{\"@id\":\"https:\\\/\\\/pmmns.palacmlodziezy.pl\\\/?p=6\"},\"wordCount\":82,\"commentCount\":0,\"publisher\":{\"@id\":\"https:\\\/\\\/pmmns.palacmlodziezy.pl\\\/#organization\"},\"image\":{\"@id\":\"https:\\\/\\\/pmmns.palacmlodziezy.pl\\\/?p=6#primaryimage\"},\"thumbnailUrl\":\"https:\\\/\\\/pmmns.palacmlodziezy.pl\\\/wp-content\\\/uploads\\\/2025\\\/09\\\/image.png\",\"inLanguage\":\"pl-PL\",\"potentialAction\":[{\"@type\":\"CommentAction\",\"name\":\"Comment\",\"target\":[\"https:\\\/\\\/pmmns.palacmlodziezy.pl\\\/?p=6#respond\"]}]},{\"@type\":\"WebPage\",\"@id\":\"https:\\\/\\\/pmmns.palacmlodziezy.pl\\\/?p=6\",\"url\":\"https:\\\/\\\/pmmns.palacmlodziezy.pl\\\/?p=6\",\"name\":\"Muzyczne przes\u0142uchania: skrzypce, tr\u0105bka i\u00a0nie\u00a0tylko - Pa\u0142ac M\u0142odzie\u017cy\",\"isPartOf\":{\"@id\":\"https:\\\/\\\/pmmns.palacmlodziezy.pl\\\/#website\"},\"primaryImageOfPage\":{\"@id\":\"https:\\\/\\\/pmmns.palacmlodziezy.pl\\\/?p=6#primaryimage\"},\"image\":{\"@id\":\"https:\\\/\\\/pmmns.palacmlodziezy.pl\\\/?p=6#primaryimage\"},\"thumbnailUrl\":\"https:\\\/\\\/pmmns.palacmlodziezy.pl\\\/wp-content\\\/uploads\\\/2025\\\/09\\\/image.png\",\"datePublished\":\"2025-09-06T15:24:55+00:00\",\"breadcrumb\":{\"@id\":\"https:\\\/\\\/pmmns.palacmlodziezy.pl\\\/?p=6#breadcrumb\"},\"inLanguage\":\"pl-PL\",\"potentialAction\":[{\"@type\":\"ReadAction\",\"target\":[\"https:\\\/\\\/pmmns.palacmlodziezy.pl\\\/?p=6\"]}]},{\"@type\":\"ImageObject\",\"inLanguage\":\"pl-PL\",\"@id\":\"https:\\\/\\\/pmmns.palacmlodziezy.pl\\\/?p=6#primaryimage\",\"url\":\"https:\\\/\\\/pmmns.palacmlodziezy.pl\\\/wp-content\\\/uploads\\\/2025\\\/09\\\/image.png\",\"contentUrl\":\"https:\\\/\\\/pmmns.palacmlodziezy.pl\\\/wp-content\\\/uploads\\\/2025\\\/09\\\/image.png\",\"width\":1131,\"height\":1600,\"caption\":\"Przes\u0142uchania w Pa\u0142acu M\u0142odzie\u017cy w Nowym S\u0105czu: skrzypce, tr\u0105bka i inne. 8 wrze\u015bnia 2025, 16:00-18:00. Przygotuj piosenk\u0119 lub utw\u00f3r\"},{\"@type\":\"BreadcrumbList\",\"@id\":\"https:\\\/\\\/pmmns.palacmlodziezy.pl\\\/?p=6#breadcrumb\",\"itemListElement\":[{\"@type\":\"ListItem\",\"position\":1,\"name\":\"Strona g\u0142\u00f3wna\",\"item\":\"https:\\\/\\\/pmmns.palacmlodziezy.pl\\\/\"},{\"@type\":\"ListItem\",\"position\":2,\"name\":\"Muzyczne przes\u0142uchania: skrzypce, tr\u0105bka i\u00a0nie\u00a0tylko\"}]},{\"@type\":\"WebSite\",\"@id\":\"https:\\\/\\\/pmmns.palacmlodziezy.pl\\\/#website\",\"url\":\"https:\\\/\\\/pmmns.palacmlodziezy.pl\\\/\",\"name\":\"Pa\u0142ac M\u0142odzie\u017cy\",\"description\":\"Bo tu warto wraca\u0107...\",\"publisher\":{\"@id\":\"https:\\\/\\\/pmmns.palacmlodziezy.pl\\\/#organization\"},\"potentialAction\":[{\"@type\":\"SearchAction\",\"target\":{\"@type\":\"EntryPoint\",\"urlTemplate\":\"https:\\\/\\\/pmmns.palacmlodziezy.pl\\\/?s={search_term_string}\"},\"query-input\":{\"@type\":\"PropertyValueSpecification\",\"valueRequired\":true,\"valueName\":\"search_term_string\"}}],\"inLanguage\":\"pl-PL\"},{\"@type\":\"Organization\",\"@id\":\"https:\\\/\\\/pmmns.palacmlodziezy.pl\\\/#organization\",\"name\":\"Pa\u0142ac M\u0142odzie\u017cy\",\"url\":\"https:\\\/\\\/pmmns.palacmlodziezy.pl\\\/\",\"logo\":{\"@type\":\"ImageObject\",\"inLanguage\":\"pl-PL\",\"@id\":\"https:\\\/\\\/pmmns.palacmlodziezy.pl\\\/#\\\/schema\\\/logo\\\/image\\\/\",\"url\":\"https:\\\/\\\/pmmns.palacmlodziezy.pl\\\/wp-content\\\/uploads\\\/2025\\\/09\\\/cropped-Tekst-akapitu.png\",\"contentUrl\":\"https:\\\/\\\/pmmns.palacmlodziezy.pl\\\/wp-content\\\/uploads\\\/2025\\\/09\\\/cropped-Tekst-akapitu.png\",\"width\":500,\"height\":500,\"caption\":\"Pa\u0142ac M\u0142odzie\u017cy\"},\"image\":{\"@id\":\"https:\\\/\\\/pmmns.palacmlodziezy.pl\\\/#\\\/schema\\\/logo\\\/image\\\/\"}},{\"@type\":\"Person\",\"@id\":\"https:\\\/\\\/pmmns.palacmlodziezy.pl\\\/#\\\/schema\\\/person\\\/dc1e4c65c00c767cb7fb576919826c04\",\"name\":\"Pa\u0142ac M\u0142odzie\u017cy\",\"image\":{\"@type\":\"ImageObject\",\"inLanguage\":\"pl-PL\",\"@id\":\"https:\\\/\\\/secure.gravatar.com\\\/avatar\\\/de1e3d0066c64549dca6b33379bdae9a11b41109080a416fc0949306a70ae7a3?s=96&d=mm&r=g\",\"url\":\"https:\\\/\\\/secure.gravatar.com\\\/avatar\\\/de1e3d0066c64549dca6b33379bdae9a11b41109080a416fc0949306a70ae7a3?s=96&d=mm&r=g\",\"contentUrl\":\"https:\\\/\\\/secure.gravatar.com\\\/avatar\\\/de1e3d0066c64549dca6b33379bdae9a11b41109080a416fc0949306a70ae7a3?s=96&d=mm&r=g\",\"caption\":\"Pa\u0142ac M\u0142odzie\u017cy\"},\"sameAs\":[\"https:\\\/\\\/pmmns.palacmlodziezy.pl\"],\"url\":\"https:\\\/\\\/pmmns.palacmlodziezy.pl\\\/?author=1\"}]}<\/script>\n<!-- \/ Yoast SEO plugin. -->","yoast_head_json":{"title":"Muzyczne przes\u0142uchania: skrzypce, tr\u0105bka i\u00a0nie\u00a0tylko - Pa\u0142ac M\u0142odzie\u017cy","robots":{"index":"index","follow":"follow","max-snippet":"max-snippet:-1","max-image-preview":"max-image-preview:large","max-video-preview":"max-video-preview:-1"},"canonical":"https:\/\/pmmns.palacmlodziezy.pl\/?p=6","og_locale":"pl_PL","og_type":"article","og_title":"Muzyczne przes\u0142uchania: skrzypce, tr\u0105bka i\u00a0nie\u00a0tylko - Pa\u0142ac M\u0142odzie\u017cy","og_description":"Wszystkich ch\u0119tnych, kt\u00f3rzy\u00a0chc\u0105 rozpocz\u0105\u0107 lub kontynuowa\u0107 nauk\u0119 gry na\u00a0instrumentach, m.in.\u00a0skrzypcach i\u00a0tr\u0105bce, zapraszamy na\u00a0przes\u0142uchania, kt\u00f3re odb\u0119d\u0105 si\u0119 8 wrze\u015bnia 2025 roku w\u00a0godzinach 16:00\u201318:00, w\u00a0sali muzycznej (nr\u00a011) na\u00a0I\u00a0pi\u0119trze.\u00a0 Na\u00a0przes\u0142uchania nale\u017cy przygotowa\u0107 i\u00a0za\u015bpiewa\u0107 dowoln\u0105 piosenk\u0119. Sprawdzane b\u0119d\u0105 r\u00f3wnie\u017c og\u00f3lne predyspozycje muzyczne. Osoby ju\u017c graj\u0105ce zach\u0119camy do\u00a0zagrania wybranego utworu. Serdecznie zapraszamy!","og_url":"https:\/\/pmmns.palacmlodziezy.pl\/?p=6","og_site_name":"Pa\u0142ac M\u0142odzie\u017cy","article_published_time":"2025-09-06T15:24:55+00:00","og_image":[{"width":1131,"height":1600,"url":"https:\/\/pmmns.palacmlodziezy.pl\/wp-content\/uploads\/2025\/09\/image.png","type":"image\/png"}],"author":"Pa\u0142ac M\u0142odzie\u017cy","twitter_card":"summary_large_image","twitter_misc":{"Napisane przez":"Pa\u0142ac M\u0142odzie\u017cy"},"schema":{"@context":"https:\/\/schema.org","@graph":[{"@type":"Article","@id":"https:\/\/pmmns.palacmlodziezy.pl\/?p=6#article","isPartOf":{"@id":"https:\/\/pmmns.palacmlodziezy.pl\/?p=6"},"author":{"name":"Pa\u0142ac M\u0142odzie\u017cy","@id":"https:\/\/pmmns.palacmlodziezy.pl\/#\/schema\/person\/dc1e4c65c00c767cb7fb576919826c04"},"headline":"Muzyczne przes\u0142uchania: skrzypce, tr\u0105bka i\u00a0nie\u00a0tylko","datePublished":"2025-09-06T15:24:55+00:00","mainEntityOfPage":{"@id":"https:\/\/pmmns.palacmlodziezy.pl\/?p=6"},"wordCount":82,"commentCount":0,"publisher":{"@id":"https:\/\/pmmns.palacmlodziezy.pl\/#organization"},"image":{"@id":"https:\/\/pmmns.palacmlodziezy.pl\/?p=6#primaryimage"},"thumbnailUrl":"https:\/\/pmmns.palacmlodziezy.pl\/wp-content\/uploads\/2025\/09\/image.png","inLanguage":"pl-PL","potentialAction":[{"@type":"CommentAction","name":"Comment","target":["https:\/\/pmmns.palacmlodziezy.pl\/?p=6#respond"]}]},{"@type":"WebPage","@id":"https:\/\/pmmns.palacmlodziezy.pl\/?p=6","url":"https:\/\/pmmns.palacmlodziezy.pl\/?p=6","name":"Muzyczne przes\u0142uchania: skrzypce, tr\u0105bka i\u00a0nie\u00a0tylko - Pa\u0142ac M\u0142odzie\u017cy","isPartOf":{"@id":"https:\/\/pmmns.palacmlodziezy.pl\/#website"},"primaryImageOfPage":{"@id":"https:\/\/pmmns.palacmlodziezy.pl\/?p=6#primaryimage"},"image":{"@id":"https:\/\/pmmns.palacmlodziezy.pl\/?p=6#primaryimage"},"thumbnailUrl":"https:\/\/pmmns.palacmlodziezy.pl\/wp-content\/uploads\/2025\/09\/image.png","datePublished":"2025-09-06T15:24:55+00:00","breadcrumb":{"@id":"https:\/\/pmmns.palacmlodziezy.pl\/?p=6#breadcrumb"},"inLanguage":"pl-PL","potentialAction":[{"@type":"ReadAction","target":["https:\/\/pmmns.palacmlodziezy.pl\/?p=6"]}]},{"@type":"ImageObject","inLanguage":"pl-PL","@id":"https:\/\/pmmns.palacmlodziezy.pl\/?p=6#primaryimage","url":"https:\/\/pmmns.palacmlodziezy.pl\/wp-content\/uploads\/2025\/09\/image.png","contentUrl":"https:\/\/pmmns.palacmlodziezy.pl\/wp-content\/uploads\/2025\/09\/image.png","width":1131,"height":1600,"caption":"Przes\u0142uchania w Pa\u0142acu M\u0142odzie\u017cy w Nowym S\u0105czu: skrzypce, tr\u0105bka i inne. 8 wrze\u015bnia 2025, 16:00-18:00. Przygotuj piosenk\u0119 lub utw\u00f3r"},{"@type":"BreadcrumbList","@id":"https:\/\/pmmns.palacmlodziezy.pl\/?p=6#breadcrumb","itemListElement":[{"@type":"ListItem","position":1,"name":"Strona g\u0142\u00f3wna","item":"https:\/\/pmmns.palacmlodziezy.pl\/"},{"@type":"ListItem","position":2,"name":"Muzyczne przes\u0142uchania: skrzypce, tr\u0105bka i\u00a0nie\u00a0tylko"}]},{"@type":"WebSite","@id":"https:\/\/pmmns.palacmlodziezy.pl\/#website","url":"https:\/\/pmmns.palacmlodziezy.pl\/","name":"Pa\u0142ac M\u0142odzie\u017cy","description":"Bo tu warto wraca\u0107...","publisher":{"@id":"https:\/\/pmmns.palacmlodziezy.pl\/#organization"},"potentialAction":[{"@type":"SearchAction","target":{"@type":"EntryPoint","urlTemplate":"https:\/\/pmmns.palacmlodziezy.pl\/?s={search_term_string}"},"query-input":{"@type":"PropertyValueSpecification","valueRequired":true,"valueName":"search_term_string"}}],"inLanguage":"pl-PL"},{"@type":"Organization","@id":"https:\/\/pmmns.palacmlodziezy.pl\/#organization","name":"Pa\u0142ac M\u0142odzie\u017cy","url":"https:\/\/pmmns.palacmlodziezy.pl\/","logo":{"@type":"ImageObject","inLanguage":"pl-PL","@id":"https:\/\/pmmns.palacmlodziezy.pl\/#\/schema\/logo\/image\/","url":"https:\/\/pmmns.palacmlodziezy.pl\/wp-content\/uploads\/2025\/09\/cropped-Tekst-akapitu.png","contentUrl":"https:\/\/pmmns.palacmlodziezy.pl\/wp-content\/uploads\/2025\/09\/cropped-Tekst-akapitu.png","width":500,"height":500,"caption":"Pa\u0142ac M\u0142odzie\u017cy"},"image":{"@id":"https:\/\/pmmns.palacmlodziezy.pl\/#\/schema\/logo\/image\/"}},{"@type":"Person","@id":"https:\/\/pmmns.palacmlodziezy.pl\/#\/schema\/person\/dc1e4c65c00c767cb7fb576919826c04","name":"Pa\u0142ac M\u0142odzie\u017cy","image":{"@type":"ImageObject","inLanguage":"pl-PL","@id":"https:\/\/secure.gravatar.com\/avatar\/de1e3d0066c64549dca6b33379bdae9a11b41109080a416fc0949306a70ae7a3?s=96&d=mm&r=g","url":"https:\/\/secure.gravatar.com\/avatar\/de1e3d0066c64549dca6b33379bdae9a11b41109080a416fc0949306a70ae7a3?s=96&d=mm&r=g","contentUrl":"https:\/\/secure.gravatar.com\/avatar\/de1e3d0066c64549dca6b33379bdae9a11b41109080a416fc0949306a70ae7a3?s=96&d=mm&r=g","caption":"Pa\u0142ac M\u0142odzie\u017cy"},"sameAs":["https:\/\/pmmns.palacmlodziezy.pl"],"url":"https:\/\/pmmns.palacmlodziezy.pl\/?author=1"}]}},"_links":{"self":[{"href":"https:\/\/pmmns.palacmlodziezy.pl\/index.php?rest_route=\/wp\/v2\/posts\/6","targetHints":{"allow":["GET"]}}],"collection":[{"href":"https:\/\/pmmns.palacmlodziezy.pl\/index.php?rest_route=\/wp\/v2\/posts"}],"about":[{"href":"https:\/\/pmmns.palacmlodziezy.pl\/index.php?rest_route=\/wp\/v2\/types\/post"}],"author":[{"embeddable":true,"href":"https:\/\/pmmns.palacmlodziezy.pl\/index.php?rest_route=\/wp\/v2\/users\/1"}],"replies":[{"embeddable":true,"href":"https:\/\/pmmns.palacmlodziezy.pl\/index.php?rest_route=%2Fwp%2Fv2%2Fcomments&post=6"}],"version-history":[{"count":1,"href":"https:\/\/pmmns.palacmlodziezy.pl\/index.php?rest_route=\/wp\/v2\/posts\/6\/revisions"}],"predecessor-version":[{"id":9,"href":"https:\/\/pmmns.palacmlodziezy.pl\/index.php?rest_route=\/wp\/v2\/posts\/6\/revisions\/9"}],"wp:featuredmedia":[{"embeddable":true,"href":"https:\/\/pmmns.palacmlodziezy.pl\/index.php?rest_route=\/wp\/v2\/media\/8"}],"wp:attachment":[{"href":"https:\/\/pmmns.palacmlodziezy.pl\/index.php?rest_route=%2Fwp%2Fv2%2Fmedia&parent=6"}],"wp:term":[{"taxonomy":"category","embeddable":true,"href":"https:\/\/pmmns.palacmlodziezy.pl\/index.php?rest_route=%2Fwp%2Fv2%2Fcategories&post=6"},{"taxonomy":"post_tag","embeddable":true,"href":"https:\/\/pmmns.palacmlodziezy.pl\/index.php?rest_route=%2Fwp%2Fv2%2Ftags&post=6"}],"curies":[{"name":"wp","href":"https:\/\/api.w.org\/{rel}","templated":true}]}}